{"id":9040,"date":"2026-01-14T14:00:51","date_gmt":"2026-01-14T13:00:51","guid":{"rendered":"https:\/\/www.levygraphie.lu\/?p=9040"},"modified":"2026-01-14T14:51:53","modified_gmt":"2026-01-14T13:51:53","slug":"des-portraits-de-communion-qui-font-plaisir","status":"publish","type":"post","link":"https:\/\/www.levygraphie.lu\/fr\/des-portraits-de-communion-qui-font-plaisir\/","title":{"rendered":"Des portraits de communion qui font plaisir!"},"content":{"rendered":"<p><img fetchpriority=\"high\" decoding=\"async\" class=\"size-medium wp-image-9110 alignleft\" src=\"https:\/\/www.levygraphie.lu\/wp-content\/uploads\/2026\/01\/20260110_levygraphie_kommioun_001b-300x300.jpg\" alt=\"\" width=\"300\" height=\"300\" srcset=\"https:\/\/www.levygraphie.lu\/wp-content\/uploads\/2026\/01\/20260110_levygraphie_kommioun_001b-300x300.jpg 300w, https:\/\/www.levygraphie.lu\/wp-content\/uploads\/2026\/01\/20260110_levygraphie_kommioun_001b-150x150.jpg 150w, https:\/\/www.levygraphie.lu\/wp-content\/uploads\/2026\/01\/20260110_levygraphie_kommioun_001b-570x570.jpg 570w, https:\/\/www.levygraphie.lu\/wp-content\/uploads\/2026\/01\/20260110_levygraphie_kommioun_001b-500x500.jpg 500w, https:\/\/www.levygraphie.lu\/wp-content\/uploads\/2026\/01\/20260110_levygraphie_kommioun_001b.jpg 591w\" sizes=\"(max-width: 300px) 100vw, 300px\" \/>La premi\u00e8re communion est une \u00e9tape importante dans la vie de votre enfant. Capturez le beau moment avec des portraits inoubliables. Dans notre studio photo ou sur site, en tenue classique ou en look d\u00e9contract\u00e9, chez nous l\u2019accent est mis sur l\u2019anticipation du grand jour.<\/p>\n<p>R\u00e9servez vite votre rendez-vous!<\/p>\n","protected":false},"excerpt":{"rendered":"<p>La premi\u00e8re communion est une \u00e9tape importante dans la vie de votre enfant. Capturez le beau moment avec des portraits inoubliables. Dans notre studio photo ou sur site, en tenue classique ou en look d\u00e9contract\u00e9, chez nous l\u2019accent est mis sur l\u2019anticipation du grand jour&#8230;.<\/p>\n","protected":false},"author":1,"featured_media":9110,"comment_status":"open","ping_status":"open","sticky":false,"template":"","format":"standard","meta":{"footnotes":""},"categories":[22],"tags":[],"class_list":["post-9040","post","type-post","status-publish","format-standard","has-post-thumbnail","hentry","category-actaulites"],"yoast_head":"<!-- This site is optimized with the Yoast SEO plugin v27.0 - https:\/\/yoast.com\/product\/yoast-seo-wordpress\/ -->\n<title>Des portraits de communion qui font plaisir! - Levygraphie - Photographe professionnel au Luxembourg<\/title>\n<meta name=\"robots\" content=\"index, follow, max-snippet:-1, max-image-preview:large, max-video-preview:-1\" \/>\n<link rel=\"canonical\" href=\"https:\/\/www.levygraphie.lu\/fr\/des-portraits-de-communion-qui-font-plaisir\/\" \/>\n<meta property=\"og:locale\" content=\"fr_FR\" \/>\n<meta property=\"og:type\" content=\"article\" \/>\n<meta property=\"og:title\" content=\"Des portraits de communion qui font plaisir! - Levygraphie - Photographe professionnel au Luxembourg\" \/>\n<meta property=\"og:description\" content=\"La premi\u00e8re communion est une \u00e9tape importante dans la vie de votre enfant. Capturez le beau moment avec des portraits inoubliables. Dans notre studio photo ou sur site, en tenue classique ou en look d\u00e9contract\u00e9, chez nous l\u2019accent est mis sur l\u2019anticipation du grand jour....\" \/>\n<meta property=\"og:url\" content=\"https:\/\/www.levygraphie.lu\/fr\/des-portraits-de-communion-qui-font-plaisir\/\" \/>\n<meta property=\"og:site_name\" content=\"Levygraphie\" \/>\n<meta property=\"article:publisher\" content=\"https:\/\/www.facebook.com\/Levygraphie-206714406062166\" \/>\n<meta property=\"article:published_time\" content=\"2026-01-14T13:00:51+00:00\" \/>\n<meta property=\"article:modified_time\" content=\"2026-01-14T13:51:53+00:00\" \/>\n<meta property=\"og:image\" content=\"https:\/\/www.levygraphie.lu\/wp-content\/uploads\/2026\/01\/20260110_levygraphie_kommioun_001b.jpg\" \/>\n\t<meta property=\"og:image:width\" content=\"591\" \/>\n\t<meta property=\"og:image:height\" content=\"591\" \/>\n\t<meta property=\"og:image:type\" content=\"image\/jpeg\" \/>\n<meta name=\"author\" content=\"admin\" \/>\n<meta name=\"twitter:card\" content=\"summary_large_image\" \/>\n<meta name=\"twitter:label1\" content=\"\u00c9crit par\" \/>\n\t<meta name=\"twitter:data1\" content=\"admin\" \/>\n\t<meta name=\"twitter:label2\" content=\"Dur\u00e9e de lecture estim\u00e9e\" \/>\n\t<meta name=\"twitter:data2\" content=\"1 minute\" \/>\n<script type=\"application\/ld+json\" class=\"yoast-schema-graph\">{\"@context\":\"https:\/\/schema.org\",\"@graph\":[{\"@type\":\"Article\",\"@id\":\"https:\/\/www.levygraphie.lu\/fr\/des-portraits-de-communion-qui-font-plaisir\/#article\",\"isPartOf\":{\"@id\":\"https:\/\/www.levygraphie.lu\/fr\/des-portraits-de-communion-qui-font-plaisir\/\"},\"author\":{\"name\":\"admin\",\"@id\":\"https:\/\/www.levygraphie.lu\/fr\/#\/schema\/person\/eae9e20d367dd99525a45254108bde77\"},\"headline\":\"Des portraits de communion qui font plaisir!\",\"datePublished\":\"2026-01-14T13:00:51+00:00\",\"dateModified\":\"2026-01-14T13:51:53+00:00\",\"mainEntityOfPage\":{\"@id\":\"https:\/\/www.levygraphie.lu\/fr\/des-portraits-de-communion-qui-font-plaisir\/\"},\"wordCount\":61,\"commentCount\":0,\"publisher\":{\"@id\":\"https:\/\/www.levygraphie.lu\/fr\/#organization\"},\"image\":{\"@id\":\"https:\/\/www.levygraphie.lu\/fr\/des-portraits-de-communion-qui-font-plaisir\/#primaryimage\"},\"thumbnailUrl\":\"https:\/\/www.levygraphie.lu\/wp-content\/uploads\/2026\/01\/20260110_levygraphie_kommioun_001b.jpg\",\"articleSection\":[\"Actaulit\u00e9s\"],\"inLanguage\":\"fr-FR\",\"potentialAction\":[{\"@type\":\"CommentAction\",\"name\":\"Comment\",\"target\":[\"https:\/\/www.levygraphie.lu\/fr\/des-portraits-de-communion-qui-font-plaisir\/#respond\"]}]},{\"@type\":\"WebPage\",\"@id\":\"https:\/\/www.levygraphie.lu\/fr\/des-portraits-de-communion-qui-font-plaisir\/\",\"url\":\"https:\/\/www.levygraphie.lu\/fr\/des-portraits-de-communion-qui-font-plaisir\/\",\"name\":\"Des portraits de communion qui font plaisir! - Levygraphie - Photographe professionnel au Luxembourg\",\"isPartOf\":{\"@id\":\"https:\/\/www.levygraphie.lu\/fr\/#website\"},\"primaryImageOfPage\":{\"@id\":\"https:\/\/www.levygraphie.lu\/fr\/des-portraits-de-communion-qui-font-plaisir\/#primaryimage\"},\"image\":{\"@id\":\"https:\/\/www.levygraphie.lu\/fr\/des-portraits-de-communion-qui-font-plaisir\/#primaryimage\"},\"thumbnailUrl\":\"https:\/\/www.levygraphie.lu\/wp-content\/uploads\/2026\/01\/20260110_levygraphie_kommioun_001b.jpg\",\"datePublished\":\"2026-01-14T13:00:51+00:00\",\"dateModified\":\"2026-01-14T13:51:53+00:00\",\"breadcrumb\":{\"@id\":\"https:\/\/www.levygraphie.lu\/fr\/des-portraits-de-communion-qui-font-plaisir\/#breadcrumb\"},\"inLanguage\":\"fr-FR\",\"potentialAction\":[{\"@type\":\"ReadAction\",\"target\":[\"https:\/\/www.levygraphie.lu\/fr\/des-portraits-de-communion-qui-font-plaisir\/\"]}]},{\"@type\":\"ImageObject\",\"inLanguage\":\"fr-FR\",\"@id\":\"https:\/\/www.levygraphie.lu\/fr\/des-portraits-de-communion-qui-font-plaisir\/#primaryimage\",\"url\":\"https:\/\/www.levygraphie.lu\/wp-content\/uploads\/2026\/01\/20260110_levygraphie_kommioun_001b.jpg\",\"contentUrl\":\"https:\/\/www.levygraphie.lu\/wp-content\/uploads\/2026\/01\/20260110_levygraphie_kommioun_001b.jpg\",\"width\":591,\"height\":591},{\"@type\":\"BreadcrumbList\",\"@id\":\"https:\/\/www.levygraphie.lu\/fr\/des-portraits-de-communion-qui-font-plaisir\/#breadcrumb\",\"itemListElement\":[{\"@type\":\"ListItem\",\"position\":1,\"name\":\"Home\",\"item\":\"https:\/\/www.levygraphie.lu\/fr\/\"},{\"@type\":\"ListItem\",\"position\":2,\"name\":\"Des portraits de communion qui font plaisir!\"}]},{\"@type\":\"WebSite\",\"@id\":\"https:\/\/www.levygraphie.lu\/fr\/#website\",\"url\":\"https:\/\/www.levygraphie.lu\/fr\/\",\"name\":\"Levygraphie\",\"description\":\"Photographe professionnel au Luxembourg\",\"publisher\":{\"@id\":\"https:\/\/www.levygraphie.lu\/fr\/#organization\"},\"potentialAction\":[{\"@type\":\"SearchAction\",\"target\":{\"@type\":\"EntryPoint\",\"urlTemplate\":\"https:\/\/www.levygraphie.lu\/fr\/?s={search_term_string}\"},\"query-input\":{\"@type\":\"PropertyValueSpecification\",\"valueRequired\":true,\"valueName\":\"search_term_string\"}}],\"inLanguage\":\"fr-FR\"},{\"@type\":\"Organization\",\"@id\":\"https:\/\/www.levygraphie.lu\/fr\/#organization\",\"name\":\"Levygraphie\",\"url\":\"https:\/\/www.levygraphie.lu\/fr\/\",\"logo\":{\"@type\":\"ImageObject\",\"inLanguage\":\"fr-FR\",\"@id\":\"https:\/\/www.levygraphie.lu\/fr\/#\/schema\/logo\/image\/\",\"url\":\"https:\/\/www.levygraphie.lu\/wp-content\/uploads\/2021\/08\/logo_levygraphie-2.png\",\"contentUrl\":\"https:\/\/www.levygraphie.lu\/wp-content\/uploads\/2021\/08\/logo_levygraphie-2.png\",\"width\":568,\"height\":180,\"caption\":\"Levygraphie\"},\"image\":{\"@id\":\"https:\/\/www.levygraphie.lu\/fr\/#\/schema\/logo\/image\/\"},\"sameAs\":[\"https:\/\/www.facebook.com\/Levygraphie-206714406062166\"]},{\"@type\":\"Person\",\"@id\":\"https:\/\/www.levygraphie.lu\/fr\/#\/schema\/person\/eae9e20d367dd99525a45254108bde77\",\"name\":\"admin\",\"image\":{\"@type\":\"ImageObject\",\"inLanguage\":\"fr-FR\",\"@id\":\"https:\/\/www.levygraphie.lu\/fr\/#\/schema\/person\/image\/\",\"url\":\"https:\/\/secure.gravatar.com\/avatar\/20ea318183fb4ab9033c11fea0e21151a001865c828a9347ad26db44771c4668?s=96&d=mm&r=g\",\"contentUrl\":\"https:\/\/secure.gravatar.com\/avatar\/20ea318183fb4ab9033c11fea0e21151a001865c828a9347ad26db44771c4668?s=96&d=mm&r=g\",\"caption\":\"admin\"}}]}<\/script>\n<!-- \/ Yoast SEO plugin. -->","yoast_head_json":{"title":"Des portraits de communion qui font plaisir! - Levygraphie - Photographe professionnel au Luxembourg","robots":{"index":"index","follow":"follow","max-snippet":"max-snippet:-1","max-image-preview":"max-image-preview:large","max-video-preview":"max-video-preview:-1"},"canonical":"https:\/\/www.levygraphie.lu\/fr\/des-portraits-de-communion-qui-font-plaisir\/","og_locale":"fr_FR","og_type":"article","og_title":"Des portraits de communion qui font plaisir! - Levygraphie - Photographe professionnel au Luxembourg","og_description":"La premi\u00e8re communion est une \u00e9tape importante dans la vie de votre enfant. Capturez le beau moment avec des portraits inoubliables. Dans notre studio photo ou sur site, en tenue classique ou en look d\u00e9contract\u00e9, chez nous l\u2019accent est mis sur l\u2019anticipation du grand jour....","og_url":"https:\/\/www.levygraphie.lu\/fr\/des-portraits-de-communion-qui-font-plaisir\/","og_site_name":"Levygraphie","article_publisher":"https:\/\/www.facebook.com\/Levygraphie-206714406062166","article_published_time":"2026-01-14T13:00:51+00:00","article_modified_time":"2026-01-14T13:51:53+00:00","og_image":[{"width":591,"height":591,"url":"https:\/\/www.levygraphie.lu\/wp-content\/uploads\/2026\/01\/20260110_levygraphie_kommioun_001b.jpg","type":"image\/jpeg"}],"author":"admin","twitter_card":"summary_large_image","twitter_misc":{"\u00c9crit par":"admin","Dur\u00e9e de lecture estim\u00e9e":"1 minute"},"schema":{"@context":"https:\/\/schema.org","@graph":[{"@type":"Article","@id":"https:\/\/www.levygraphie.lu\/fr\/des-portraits-de-communion-qui-font-plaisir\/#article","isPartOf":{"@id":"https:\/\/www.levygraphie.lu\/fr\/des-portraits-de-communion-qui-font-plaisir\/"},"author":{"name":"admin","@id":"https:\/\/www.levygraphie.lu\/fr\/#\/schema\/person\/eae9e20d367dd99525a45254108bde77"},"headline":"Des portraits de communion qui font plaisir!","datePublished":"2026-01-14T13:00:51+00:00","dateModified":"2026-01-14T13:51:53+00:00","mainEntityOfPage":{"@id":"https:\/\/www.levygraphie.lu\/fr\/des-portraits-de-communion-qui-font-plaisir\/"},"wordCount":61,"commentCount":0,"publisher":{"@id":"https:\/\/www.levygraphie.lu\/fr\/#organization"},"image":{"@id":"https:\/\/www.levygraphie.lu\/fr\/des-portraits-de-communion-qui-font-plaisir\/#primaryimage"},"thumbnailUrl":"https:\/\/www.levygraphie.lu\/wp-content\/uploads\/2026\/01\/20260110_levygraphie_kommioun_001b.jpg","articleSection":["Actaulit\u00e9s"],"inLanguage":"fr-FR","potentialAction":[{"@type":"CommentAction","name":"Comment","target":["https:\/\/www.levygraphie.lu\/fr\/des-portraits-de-communion-qui-font-plaisir\/#respond"]}]},{"@type":"WebPage","@id":"https:\/\/www.levygraphie.lu\/fr\/des-portraits-de-communion-qui-font-plaisir\/","url":"https:\/\/www.levygraphie.lu\/fr\/des-portraits-de-communion-qui-font-plaisir\/","name":"Des portraits de communion qui font plaisir! - Levygraphie - Photographe professionnel au Luxembourg","isPartOf":{"@id":"https:\/\/www.levygraphie.lu\/fr\/#website"},"primaryImageOfPage":{"@id":"https:\/\/www.levygraphie.lu\/fr\/des-portraits-de-communion-qui-font-plaisir\/#primaryimage"},"image":{"@id":"https:\/\/www.levygraphie.lu\/fr\/des-portraits-de-communion-qui-font-plaisir\/#primaryimage"},"thumbnailUrl":"https:\/\/www.levygraphie.lu\/wp-content\/uploads\/2026\/01\/20260110_levygraphie_kommioun_001b.jpg","datePublished":"2026-01-14T13:00:51+00:00","dateModified":"2026-01-14T13:51:53+00:00","breadcrumb":{"@id":"https:\/\/www.levygraphie.lu\/fr\/des-portraits-de-communion-qui-font-plaisir\/#breadcrumb"},"inLanguage":"fr-FR","potentialAction":[{"@type":"ReadAction","target":["https:\/\/www.levygraphie.lu\/fr\/des-portraits-de-communion-qui-font-plaisir\/"]}]},{"@type":"ImageObject","inLanguage":"fr-FR","@id":"https:\/\/www.levygraphie.lu\/fr\/des-portraits-de-communion-qui-font-plaisir\/#primaryimage","url":"https:\/\/www.levygraphie.lu\/wp-content\/uploads\/2026\/01\/20260110_levygraphie_kommioun_001b.jpg","contentUrl":"https:\/\/www.levygraphie.lu\/wp-content\/uploads\/2026\/01\/20260110_levygraphie_kommioun_001b.jpg","width":591,"height":591},{"@type":"BreadcrumbList","@id":"https:\/\/www.levygraphie.lu\/fr\/des-portraits-de-communion-qui-font-plaisir\/#breadcrumb","itemListElement":[{"@type":"ListItem","position":1,"name":"Home","item":"https:\/\/www.levygraphie.lu\/fr\/"},{"@type":"ListItem","position":2,"name":"Des portraits de communion qui font plaisir!"}]},{"@type":"WebSite","@id":"https:\/\/www.levygraphie.lu\/fr\/#website","url":"https:\/\/www.levygraphie.lu\/fr\/","name":"Levygraphie","description":"Photographe professionnel au Luxembourg","publisher":{"@id":"https:\/\/www.levygraphie.lu\/fr\/#organization"},"potentialAction":[{"@type":"SearchAction","target":{"@type":"EntryPoint","urlTemplate":"https:\/\/www.levygraphie.lu\/fr\/?s={search_term_string}"},"query-input":{"@type":"PropertyValueSpecification","valueRequired":true,"valueName":"search_term_string"}}],"inLanguage":"fr-FR"},{"@type":"Organization","@id":"https:\/\/www.levygraphie.lu\/fr\/#organization","name":"Levygraphie","url":"https:\/\/www.levygraphie.lu\/fr\/","logo":{"@type":"ImageObject","inLanguage":"fr-FR","@id":"https:\/\/www.levygraphie.lu\/fr\/#\/schema\/logo\/image\/","url":"https:\/\/www.levygraphie.lu\/wp-content\/uploads\/2021\/08\/logo_levygraphie-2.png","contentUrl":"https:\/\/www.levygraphie.lu\/wp-content\/uploads\/2021\/08\/logo_levygraphie-2.png","width":568,"height":180,"caption":"Levygraphie"},"image":{"@id":"https:\/\/www.levygraphie.lu\/fr\/#\/schema\/logo\/image\/"},"sameAs":["https:\/\/www.facebook.com\/Levygraphie-206714406062166"]},{"@type":"Person","@id":"https:\/\/www.levygraphie.lu\/fr\/#\/schema\/person\/eae9e20d367dd99525a45254108bde77","name":"admin","image":{"@type":"ImageObject","inLanguage":"fr-FR","@id":"https:\/\/www.levygraphie.lu\/fr\/#\/schema\/person\/image\/","url":"https:\/\/secure.gravatar.com\/avatar\/20ea318183fb4ab9033c11fea0e21151a001865c828a9347ad26db44771c4668?s=96&d=mm&r=g","contentUrl":"https:\/\/secure.gravatar.com\/avatar\/20ea318183fb4ab9033c11fea0e21151a001865c828a9347ad26db44771c4668?s=96&d=mm&r=g","caption":"admin"}}]}},"_links":{"self":[{"href":"https:\/\/www.levygraphie.lu\/fr\/wp-json\/wp\/v2\/posts\/9040","targetHints":{"allow":["GET"]}}],"collection":[{"href":"https:\/\/www.levygraphie.lu\/fr\/wp-json\/wp\/v2\/posts"}],"about":[{"href":"https:\/\/www.levygraphie.lu\/fr\/wp-json\/wp\/v2\/types\/post"}],"author":[{"embeddable":true,"href":"https:\/\/www.levygraphie.lu\/fr\/wp-json\/wp\/v2\/users\/1"}],"replies":[{"embeddable":true,"href":"https:\/\/www.levygraphie.lu\/fr\/wp-json\/wp\/v2\/comments?post=9040"}],"version-history":[{"count":2,"href":"https:\/\/www.levygraphie.lu\/fr\/wp-json\/wp\/v2\/posts\/9040\/revisions"}],"predecessor-version":[{"id":9114,"href":"https:\/\/www.levygraphie.lu\/fr\/wp-json\/wp\/v2\/posts\/9040\/revisions\/9114"}],"wp:featuredmedia":[{"embeddable":true,"href":"https:\/\/www.levygraphie.lu\/fr\/wp-json\/wp\/v2\/media\/9110"}],"wp:attachment":[{"href":"https:\/\/www.levygraphie.lu\/fr\/wp-json\/wp\/v2\/media?parent=9040"}],"wp:term":[{"taxonomy":"category","embeddable":true,"href":"https:\/\/www.levygraphie.lu\/fr\/wp-json\/wp\/v2\/categories?post=9040"},{"taxonomy":"post_tag","embeddable":true,"href":"https:\/\/www.levygraphie.lu\/fr\/wp-json\/wp\/v2\/tags?post=9040"}],"curies":[{"name":"wp","href":"https:\/\/api.w.org\/{rel}","templated":true}]}}