{"id":8243,"date":"2023-07-07T17:00:33","date_gmt":"2023-07-07T15:00:33","guid":{"rendered":"https:\/\/www.levygraphie.lu\/?p=8243"},"modified":"2024-09-19T09:01:18","modified_gmt":"2024-09-19T07:01:18","slug":"reportages-photo-au-milieu-de-laction","status":"publish","type":"post","link":"https:\/\/www.levygraphie.lu\/fr\/reportages-photo-au-milieu-de-laction\/","title":{"rendered":"Reportages photo : au milieu de l&rsquo;action !"},"content":{"rendered":"<p><img fetchpriority=\"high\" decoding=\"async\" class=\"size-medium wp-image-8240 alignleft\" src=\"https:\/\/www.levygraphie.lu\/wp-content\/uploads\/2023\/07\/20230701_actualite_reportages-300x300.jpg\" alt=\"Levygraphie Photographie Reportages\" width=\"300\" height=\"300\" srcset=\"https:\/\/www.levygraphie.lu\/wp-content\/uploads\/2023\/07\/20230701_actualite_reportages-300x300.jpg 300w, https:\/\/www.levygraphie.lu\/wp-content\/uploads\/2023\/07\/20230701_actualite_reportages-150x150.jpg 150w, https:\/\/www.levygraphie.lu\/wp-content\/uploads\/2023\/07\/20230701_actualite_reportages-768x768.jpg 768w, https:\/\/www.levygraphie.lu\/wp-content\/uploads\/2023\/07\/20230701_actualite_reportages-570x570.jpg 570w, https:\/\/www.levygraphie.lu\/wp-content\/uploads\/2023\/07\/20230701_actualite_reportages-500x500.jpg 500w, https:\/\/www.levygraphie.lu\/wp-content\/uploads\/2023\/07\/20230701_actualite_reportages-700x700.jpg 700w, https:\/\/www.levygraphie.lu\/wp-content\/uploads\/2023\/07\/20230701_actualite_reportages-650x650.jpg 650w, https:\/\/www.levygraphie.lu\/wp-content\/uploads\/2023\/07\/20230701_actualite_reportages.jpg 1000w\" sizes=\"(max-width: 300px) 100vw, 300px\" \/><\/p>\n<p>Un reportage photo est une documentation photographique dans laquelle le photographe raconte une histoire, un \u00e9v\u00e9nement ou un sujet \u00e0 travers une s\u00e9rie d&rsquo;images. Que ce soit pour des particuliers ou pour des professionnels, au milieu de l&rsquo;action, le photographe implique le spectateur uniquement par ses images. Un reportage photo peut illustrer diff\u00e9rents sujets, signaler des probl\u00e8mes, raconter des histoires ou accompagner des \u00e9v\u00e9nements. Les reportages photographiques ont le pouvoir d&rsquo;illustrer des probl\u00e9matiques complexes, de faire r\u00e9fl\u00e9chir le spectateur et de susciter des \u00e9motions.<\/p>\n<p>La s\u00e9lection et le montage des photos jouent un r\u00f4le important dans la cr\u00e9ation du reportage photographique. Le photographe s\u00e9lectionne soigneusement les images qui racontent le mieux l&rsquo;histoire et qui ont un fort impact visuel. L&rsquo;ordre et le contexte des images sont cruciaux pour emmener le spectateur dans un voyage \u00e0 travers les \u00e9v\u00e9nements.<\/p>\n<p>Avec un reportage photo, vous mettez en valeur votre marque, pr\u00e9sentez vos produits et services ou documentez un \u00e9v\u00e9nement sous toutes ses facettes.<br \/>\nNotre photographe travaille en \u00e9troite collaboration avec vous pour comprendre votre vision, planifier l&rsquo;ex\u00e9cution du reportage et fournir les meilleurs r\u00e9sultats.<\/p>\n<p>Avec exp\u00e9rience et professionnalisme, Levygraphie est votre photographe pour des reportages photographiques au Luxembourg !<br \/>\nAppuyez-vous sur des histoires visuelles qui resteront dans la m\u00e9moire et laissez-vous inspirer par le pouvoir cr\u00e9atif du reportage photo.<br \/>\nContactez-nous d\u00e8s aujourd&rsquo;hui pour plus d&rsquo;informations et pour planifier votre propre reportage photographique.<\/p>\n","protected":false},"excerpt":{"rendered":"<p>Un reportage photo est une documentation photographique dans laquelle le photographe raconte une histoire, un \u00e9v\u00e9nement ou un sujet \u00e0 travers une s\u00e9rie d&rsquo;images. Que ce soit pour des particuliers ou pour des professionnels, au milieu de l&rsquo;action, le photographe implique le spectateur uniquement par&#8230;<\/p>\n","protected":false},"author":1,"featured_media":8240,"comment_status":"open","ping_status":"open","sticky":false,"template":"","format":"standard","meta":{"footnotes":""},"categories":[22],"tags":[],"class_list":["post-8243","post","type-post","status-publish","format-standard","has-post-thumbnail","hentry","category-actaulites"],"yoast_head":"<!-- This site is optimized with the Yoast SEO plugin v27.0 - https:\/\/yoast.com\/product\/yoast-seo-wordpress\/ -->\n<title>Reportages photo : au milieu de l&#039;action ! - Levygraphie - Photographe professionnel au Luxembourg<\/title>\n<meta name=\"description\" content=\"Avec exp\u00e9rience et professionnalisme, Levygraphie est votre photographe pour des reportages photographiques au Luxembourg !\" \/>\n<meta name=\"robots\" content=\"index, follow, max-snippet:-1, max-image-preview:large, max-video-preview:-1\" \/>\n<link rel=\"canonical\" href=\"https:\/\/www.levygraphie.lu\/fr\/reportages-photo-au-milieu-de-laction\/\" \/>\n<meta property=\"og:locale\" content=\"fr_FR\" \/>\n<meta property=\"og:type\" content=\"article\" \/>\n<meta property=\"og:title\" content=\"Reportages photo : au milieu de l&#039;action ! - Levygraphie - Photographe professionnel au Luxembourg\" \/>\n<meta property=\"og:description\" content=\"Avec exp\u00e9rience et professionnalisme, Levygraphie est votre photographe pour des reportages photographiques au Luxembourg !\" \/>\n<meta property=\"og:url\" content=\"https:\/\/www.levygraphie.lu\/fr\/reportages-photo-au-milieu-de-laction\/\" \/>\n<meta property=\"og:site_name\" content=\"Levygraphie\" \/>\n<meta property=\"article:publisher\" content=\"https:\/\/www.facebook.com\/Levygraphie-206714406062166\" \/>\n<meta property=\"article:published_time\" content=\"2023-07-07T15:00:33+00:00\" \/>\n<meta property=\"article:modified_time\" content=\"2024-09-19T07:01:18+00:00\" \/>\n<meta property=\"og:image\" content=\"https:\/\/www.levygraphie.lu\/wp-content\/uploads\/2023\/07\/20230701_actualite_reportages.jpg\" \/>\n\t<meta property=\"og:image:width\" content=\"1000\" \/>\n\t<meta property=\"og:image:height\" content=\"1000\" \/>\n\t<meta property=\"og:image:type\" content=\"image\/jpeg\" \/>\n<meta name=\"author\" content=\"admin\" \/>\n<meta name=\"twitter:card\" content=\"summary_large_image\" \/>\n<meta name=\"twitter:label1\" content=\"\u00c9crit par\" \/>\n\t<meta name=\"twitter:data1\" content=\"admin\" \/>\n\t<meta name=\"twitter:label2\" content=\"Dur\u00e9e de lecture estim\u00e9e\" \/>\n\t<meta name=\"twitter:data2\" content=\"2 minutes\" \/>\n<script type=\"application\/ld+json\" class=\"yoast-schema-graph\">{\"@context\":\"https:\/\/schema.org\",\"@graph\":[{\"@type\":\"Article\",\"@id\":\"https:\/\/www.levygraphie.lu\/fr\/reportages-photo-au-milieu-de-laction\/#article\",\"isPartOf\":{\"@id\":\"https:\/\/www.levygraphie.lu\/fr\/reportages-photo-au-milieu-de-laction\/\"},\"author\":{\"name\":\"admin\",\"@id\":\"https:\/\/www.levygraphie.lu\/fr\/#\/schema\/person\/eae9e20d367dd99525a45254108bde77\"},\"headline\":\"Reportages photo : au milieu de l&rsquo;action !\",\"datePublished\":\"2023-07-07T15:00:33+00:00\",\"dateModified\":\"2024-09-19T07:01:18+00:00\",\"mainEntityOfPage\":{\"@id\":\"https:\/\/www.levygraphie.lu\/fr\/reportages-photo-au-milieu-de-laction\/\"},\"wordCount\":254,\"commentCount\":0,\"publisher\":{\"@id\":\"https:\/\/www.levygraphie.lu\/fr\/#organization\"},\"image\":{\"@id\":\"https:\/\/www.levygraphie.lu\/fr\/reportages-photo-au-milieu-de-laction\/#primaryimage\"},\"thumbnailUrl\":\"https:\/\/www.levygraphie.lu\/wp-content\/uploads\/2023\/07\/20230701_actualite_reportages.jpg\",\"articleSection\":[\"Actaulit\u00e9s\"],\"inLanguage\":\"fr-FR\",\"potentialAction\":[{\"@type\":\"CommentAction\",\"name\":\"Comment\",\"target\":[\"https:\/\/www.levygraphie.lu\/fr\/reportages-photo-au-milieu-de-laction\/#respond\"]}]},{\"@type\":\"WebPage\",\"@id\":\"https:\/\/www.levygraphie.lu\/fr\/reportages-photo-au-milieu-de-laction\/\",\"url\":\"https:\/\/www.levygraphie.lu\/fr\/reportages-photo-au-milieu-de-laction\/\",\"name\":\"Reportages photo : au milieu de l'action ! - Levygraphie - Photographe professionnel au Luxembourg\",\"isPartOf\":{\"@id\":\"https:\/\/www.levygraphie.lu\/fr\/#website\"},\"primaryImageOfPage\":{\"@id\":\"https:\/\/www.levygraphie.lu\/fr\/reportages-photo-au-milieu-de-laction\/#primaryimage\"},\"image\":{\"@id\":\"https:\/\/www.levygraphie.lu\/fr\/reportages-photo-au-milieu-de-laction\/#primaryimage\"},\"thumbnailUrl\":\"https:\/\/www.levygraphie.lu\/wp-content\/uploads\/2023\/07\/20230701_actualite_reportages.jpg\",\"datePublished\":\"2023-07-07T15:00:33+00:00\",\"dateModified\":\"2024-09-19T07:01:18+00:00\",\"description\":\"Avec exp\u00e9rience et professionnalisme, Levygraphie est votre photographe pour des reportages photographiques au Luxembourg !\",\"breadcrumb\":{\"@id\":\"https:\/\/www.levygraphie.lu\/fr\/reportages-photo-au-milieu-de-laction\/#breadcrumb\"},\"inLanguage\":\"fr-FR\",\"potentialAction\":[{\"@type\":\"ReadAction\",\"target\":[\"https:\/\/www.levygraphie.lu\/fr\/reportages-photo-au-milieu-de-laction\/\"]}]},{\"@type\":\"ImageObject\",\"inLanguage\":\"fr-FR\",\"@id\":\"https:\/\/www.levygraphie.lu\/fr\/reportages-photo-au-milieu-de-laction\/#primaryimage\",\"url\":\"https:\/\/www.levygraphie.lu\/wp-content\/uploads\/2023\/07\/20230701_actualite_reportages.jpg\",\"contentUrl\":\"https:\/\/www.levygraphie.lu\/wp-content\/uploads\/2023\/07\/20230701_actualite_reportages.jpg\",\"width\":1000,\"height\":1000,\"caption\":\"Levygraphie Photographie Reportages\"},{\"@type\":\"BreadcrumbList\",\"@id\":\"https:\/\/www.levygraphie.lu\/fr\/reportages-photo-au-milieu-de-laction\/#breadcrumb\",\"itemListElement\":[{\"@type\":\"ListItem\",\"position\":1,\"name\":\"Home\",\"item\":\"https:\/\/www.levygraphie.lu\/fr\/\"},{\"@type\":\"ListItem\",\"position\":2,\"name\":\"Reportages photo : au milieu de l&#8217;action !\"}]},{\"@type\":\"WebSite\",\"@id\":\"https:\/\/www.levygraphie.lu\/fr\/#website\",\"url\":\"https:\/\/www.levygraphie.lu\/fr\/\",\"name\":\"Levygraphie\",\"description\":\"Photographe professionnel au Luxembourg\",\"publisher\":{\"@id\":\"https:\/\/www.levygraphie.lu\/fr\/#organization\"},\"potentialAction\":[{\"@type\":\"SearchAction\",\"target\":{\"@type\":\"EntryPoint\",\"urlTemplate\":\"https:\/\/www.levygraphie.lu\/fr\/?s={search_term_string}\"},\"query-input\":{\"@type\":\"PropertyValueSpecification\",\"valueRequired\":true,\"valueName\":\"search_term_string\"}}],\"inLanguage\":\"fr-FR\"},{\"@type\":\"Organization\",\"@id\":\"https:\/\/www.levygraphie.lu\/fr\/#organization\",\"name\":\"Levygraphie\",\"url\":\"https:\/\/www.levygraphie.lu\/fr\/\",\"logo\":{\"@type\":\"ImageObject\",\"inLanguage\":\"fr-FR\",\"@id\":\"https:\/\/www.levygraphie.lu\/fr\/#\/schema\/logo\/image\/\",\"url\":\"https:\/\/www.levygraphie.lu\/wp-content\/uploads\/2021\/08\/logo_levygraphie-2.png\",\"contentUrl\":\"https:\/\/www.levygraphie.lu\/wp-content\/uploads\/2021\/08\/logo_levygraphie-2.png\",\"width\":568,\"height\":180,\"caption\":\"Levygraphie\"},\"image\":{\"@id\":\"https:\/\/www.levygraphie.lu\/fr\/#\/schema\/logo\/image\/\"},\"sameAs\":[\"https:\/\/www.facebook.com\/Levygraphie-206714406062166\"]},{\"@type\":\"Person\",\"@id\":\"https:\/\/www.levygraphie.lu\/fr\/#\/schema\/person\/eae9e20d367dd99525a45254108bde77\",\"name\":\"admin\",\"image\":{\"@type\":\"ImageObject\",\"inLanguage\":\"fr-FR\",\"@id\":\"https:\/\/www.levygraphie.lu\/fr\/#\/schema\/person\/image\/\",\"url\":\"https:\/\/secure.gravatar.com\/avatar\/20ea318183fb4ab9033c11fea0e21151a001865c828a9347ad26db44771c4668?s=96&d=mm&r=g\",\"contentUrl\":\"https:\/\/secure.gravatar.com\/avatar\/20ea318183fb4ab9033c11fea0e21151a001865c828a9347ad26db44771c4668?s=96&d=mm&r=g\",\"caption\":\"admin\"}}]}<\/script>\n<!-- \/ Yoast SEO plugin. -->","yoast_head_json":{"title":"Reportages photo : au milieu de l'action ! - Levygraphie - Photographe professionnel au Luxembourg","description":"Avec exp\u00e9rience et professionnalisme, Levygraphie est votre photographe pour des reportages photographiques au Luxembourg !","robots":{"index":"index","follow":"follow","max-snippet":"max-snippet:-1","max-image-preview":"max-image-preview:large","max-video-preview":"max-video-preview:-1"},"canonical":"https:\/\/www.levygraphie.lu\/fr\/reportages-photo-au-milieu-de-laction\/","og_locale":"fr_FR","og_type":"article","og_title":"Reportages photo : au milieu de l'action ! - Levygraphie - Photographe professionnel au Luxembourg","og_description":"Avec exp\u00e9rience et professionnalisme, Levygraphie est votre photographe pour des reportages photographiques au Luxembourg !","og_url":"https:\/\/www.levygraphie.lu\/fr\/reportages-photo-au-milieu-de-laction\/","og_site_name":"Levygraphie","article_publisher":"https:\/\/www.facebook.com\/Levygraphie-206714406062166","article_published_time":"2023-07-07T15:00:33+00:00","article_modified_time":"2024-09-19T07:01:18+00:00","og_image":[{"width":1000,"height":1000,"url":"https:\/\/www.levygraphie.lu\/wp-content\/uploads\/2023\/07\/20230701_actualite_reportages.jpg","type":"image\/jpeg"}],"author":"admin","twitter_card":"summary_large_image","twitter_misc":{"\u00c9crit par":"admin","Dur\u00e9e de lecture estim\u00e9e":"2 minutes"},"schema":{"@context":"https:\/\/schema.org","@graph":[{"@type":"Article","@id":"https:\/\/www.levygraphie.lu\/fr\/reportages-photo-au-milieu-de-laction\/#article","isPartOf":{"@id":"https:\/\/www.levygraphie.lu\/fr\/reportages-photo-au-milieu-de-laction\/"},"author":{"name":"admin","@id":"https:\/\/www.levygraphie.lu\/fr\/#\/schema\/person\/eae9e20d367dd99525a45254108bde77"},"headline":"Reportages photo : au milieu de l&rsquo;action !","datePublished":"2023-07-07T15:00:33+00:00","dateModified":"2024-09-19T07:01:18+00:00","mainEntityOfPage":{"@id":"https:\/\/www.levygraphie.lu\/fr\/reportages-photo-au-milieu-de-laction\/"},"wordCount":254,"commentCount":0,"publisher":{"@id":"https:\/\/www.levygraphie.lu\/fr\/#organization"},"image":{"@id":"https:\/\/www.levygraphie.lu\/fr\/reportages-photo-au-milieu-de-laction\/#primaryimage"},"thumbnailUrl":"https:\/\/www.levygraphie.lu\/wp-content\/uploads\/2023\/07\/20230701_actualite_reportages.jpg","articleSection":["Actaulit\u00e9s"],"inLanguage":"fr-FR","potentialAction":[{"@type":"CommentAction","name":"Comment","target":["https:\/\/www.levygraphie.lu\/fr\/reportages-photo-au-milieu-de-laction\/#respond"]}]},{"@type":"WebPage","@id":"https:\/\/www.levygraphie.lu\/fr\/reportages-photo-au-milieu-de-laction\/","url":"https:\/\/www.levygraphie.lu\/fr\/reportages-photo-au-milieu-de-laction\/","name":"Reportages photo : au milieu de l'action ! - Levygraphie - Photographe professionnel au Luxembourg","isPartOf":{"@id":"https:\/\/www.levygraphie.lu\/fr\/#website"},"primaryImageOfPage":{"@id":"https:\/\/www.levygraphie.lu\/fr\/reportages-photo-au-milieu-de-laction\/#primaryimage"},"image":{"@id":"https:\/\/www.levygraphie.lu\/fr\/reportages-photo-au-milieu-de-laction\/#primaryimage"},"thumbnailUrl":"https:\/\/www.levygraphie.lu\/wp-content\/uploads\/2023\/07\/20230701_actualite_reportages.jpg","datePublished":"2023-07-07T15:00:33+00:00","dateModified":"2024-09-19T07:01:18+00:00","description":"Avec exp\u00e9rience et professionnalisme, Levygraphie est votre photographe pour des reportages photographiques au Luxembourg !","breadcrumb":{"@id":"https:\/\/www.levygraphie.lu\/fr\/reportages-photo-au-milieu-de-laction\/#breadcrumb"},"inLanguage":"fr-FR","potentialAction":[{"@type":"ReadAction","target":["https:\/\/www.levygraphie.lu\/fr\/reportages-photo-au-milieu-de-laction\/"]}]},{"@type":"ImageObject","inLanguage":"fr-FR","@id":"https:\/\/www.levygraphie.lu\/fr\/reportages-photo-au-milieu-de-laction\/#primaryimage","url":"https:\/\/www.levygraphie.lu\/wp-content\/uploads\/2023\/07\/20230701_actualite_reportages.jpg","contentUrl":"https:\/\/www.levygraphie.lu\/wp-content\/uploads\/2023\/07\/20230701_actualite_reportages.jpg","width":1000,"height":1000,"caption":"Levygraphie Photographie Reportages"},{"@type":"BreadcrumbList","@id":"https:\/\/www.levygraphie.lu\/fr\/reportages-photo-au-milieu-de-laction\/#breadcrumb","itemListElement":[{"@type":"ListItem","position":1,"name":"Home","item":"https:\/\/www.levygraphie.lu\/fr\/"},{"@type":"ListItem","position":2,"name":"Reportages photo : au milieu de l&#8217;action !"}]},{"@type":"WebSite","@id":"https:\/\/www.levygraphie.lu\/fr\/#website","url":"https:\/\/www.levygraphie.lu\/fr\/","name":"Levygraphie","description":"Photographe professionnel au Luxembourg","publisher":{"@id":"https:\/\/www.levygraphie.lu\/fr\/#organization"},"potentialAction":[{"@type":"SearchAction","target":{"@type":"EntryPoint","urlTemplate":"https:\/\/www.levygraphie.lu\/fr\/?s={search_term_string}"},"query-input":{"@type":"PropertyValueSpecification","valueRequired":true,"valueName":"search_term_string"}}],"inLanguage":"fr-FR"},{"@type":"Organization","@id":"https:\/\/www.levygraphie.lu\/fr\/#organization","name":"Levygraphie","url":"https:\/\/www.levygraphie.lu\/fr\/","logo":{"@type":"ImageObject","inLanguage":"fr-FR","@id":"https:\/\/www.levygraphie.lu\/fr\/#\/schema\/logo\/image\/","url":"https:\/\/www.levygraphie.lu\/wp-content\/uploads\/2021\/08\/logo_levygraphie-2.png","contentUrl":"https:\/\/www.levygraphie.lu\/wp-content\/uploads\/2021\/08\/logo_levygraphie-2.png","width":568,"height":180,"caption":"Levygraphie"},"image":{"@id":"https:\/\/www.levygraphie.lu\/fr\/#\/schema\/logo\/image\/"},"sameAs":["https:\/\/www.facebook.com\/Levygraphie-206714406062166"]},{"@type":"Person","@id":"https:\/\/www.levygraphie.lu\/fr\/#\/schema\/person\/eae9e20d367dd99525a45254108bde77","name":"admin","image":{"@type":"ImageObject","inLanguage":"fr-FR","@id":"https:\/\/www.levygraphie.lu\/fr\/#\/schema\/person\/image\/","url":"https:\/\/secure.gravatar.com\/avatar\/20ea318183fb4ab9033c11fea0e21151a001865c828a9347ad26db44771c4668?s=96&d=mm&r=g","contentUrl":"https:\/\/secure.gravatar.com\/avatar\/20ea318183fb4ab9033c11fea0e21151a001865c828a9347ad26db44771c4668?s=96&d=mm&r=g","caption":"admin"}}]}},"_links":{"self":[{"href":"https:\/\/www.levygraphie.lu\/fr\/wp-json\/wp\/v2\/posts\/8243","targetHints":{"allow":["GET"]}}],"collection":[{"href":"https:\/\/www.levygraphie.lu\/fr\/wp-json\/wp\/v2\/posts"}],"about":[{"href":"https:\/\/www.levygraphie.lu\/fr\/wp-json\/wp\/v2\/types\/post"}],"author":[{"embeddable":true,"href":"https:\/\/www.levygraphie.lu\/fr\/wp-json\/wp\/v2\/users\/1"}],"replies":[{"embeddable":true,"href":"https:\/\/www.levygraphie.lu\/fr\/wp-json\/wp\/v2\/comments?post=8243"}],"version-history":[{"count":1,"href":"https:\/\/www.levygraphie.lu\/fr\/wp-json\/wp\/v2\/posts\/8243\/revisions"}],"predecessor-version":[{"id":8244,"href":"https:\/\/www.levygraphie.lu\/fr\/wp-json\/wp\/v2\/posts\/8243\/revisions\/8244"}],"wp:featuredmedia":[{"embeddable":true,"href":"https:\/\/www.levygraphie.lu\/fr\/wp-json\/wp\/v2\/media\/8240"}],"wp:attachment":[{"href":"https:\/\/www.levygraphie.lu\/fr\/wp-json\/wp\/v2\/media?parent=8243"}],"wp:term":[{"taxonomy":"category","embeddable":true,"href":"https:\/\/www.levygraphie.lu\/fr\/wp-json\/wp\/v2\/categories?post=8243"},{"taxonomy":"post_tag","embeddable":true,"href":"https:\/\/www.levygraphie.lu\/fr\/wp-json\/wp\/v2\/tags?post=8243"}],"curies":[{"name":"wp","href":"https:\/\/api.w.org\/{rel}","templated":true}]}}